{"id":2896,"date":"2025-12-11T14:34:11","date_gmt":"2025-12-11T14:34:11","guid":{"rendered":"https:\/\/groupeageco.ca\/?p=2896"},"modified":"2025-12-11T14:34:11","modified_gmt":"2025-12-11T14:34:11","slug":"senior-advisor-agroeconomics","status":"publish","type":"post","link":"https:\/\/groupeageco.ca\/en\/senior-advisor-agroeconomics\/","title":{"rendered":"Senior Advisor &#8211; Agroeconomics"},"content":{"rendered":"[vc_row type=&#8221;full_width_background&#8221; full_screen_row_position=&#8221;middle&#8221; column_margin=&#8221;default&#8221; column_direction=&#8221;default&#8221; column_direction_tablet=&#8221;default&#8221; column_direction_phone=&#8221;default&#8221; scene_position=&#8221;center&#8221; top_padding=&#8221;5%&#8221; bottom_padding=&#8221;5%&#8221; text_color=&#8221;dark&#8221; text_align=&#8221;left&#8221; row_border_radius=&#8221;none&#8221; row_border_radius_applies=&#8221;bg&#8221; row_position_desktop=&#8221;default&#8221; row_position_tablet=&#8221;inherit&#8221; row_position_phone=&#8221;inherit&#8221; overflow=&#8221;visible&#8221; overlay_strength=&#8221;0.3&#8243; gradient_direction=&#8221;left_to_right&#8221; shape_divider_position=&#8221;bottom&#8221; bg_image_animation=&#8221;none&#8221; shape_type=&#8221;&#8221;][vc_column column_padding=&#8221;no-extra-padding&#8221; column_padding_tablet=&#8221;inherit&#8221; column_padding_phone=&#8221;inherit&#8221; column_padding_position=&#8221;all&#8221; flex_gap_desktop=&#8221;10px&#8221; column_element_direction_desktop=&#8221;default&#8221; column_element_spacing=&#8221;default&#8221; desktop_text_alignment=&#8221;default&#8221; tablet_text_alignment=&#8221;default&#8221; phone_text_alignment=&#8221;default&#8221; background_color_opacity=&#8221;1&#8243; background_hover_color_opacity=&#8221;1&#8243; column_backdrop_filter=&#8221;none&#8221; column_shadow=&#8221;none&#8221; column_border_radius=&#8221;none&#8221; column_link_target=&#8221;_self&#8221; column_position=&#8221;default&#8221; gradient_direction=&#8221;left_to_right&#8221; overlay_strength=&#8221;0.3&#8243; width=&#8221;1\/1&#8243; tablet_width_inherit=&#8221;default&#8221; animation_type=&#8221;default&#8221; bg_image_animation=&#8221;none&#8221; border_type=&#8221;simple&#8221; column_border_width=&#8221;none&#8221; column_border_style=&#8221;solid&#8221;][vc_row_inner equal_height=&#8221;yes&#8221; content_placement=&#8221;middle&#8221; column_margin=&#8221;default&#8221; column_direction=&#8221;default&#8221; column_direction_tablet=&#8221;default&#8221; column_direction_phone=&#8221;default&#8221; bottom_padding=&#8221;20px&#8221; text_align=&#8221;left&#8221; row_position=&#8221;default&#8221; row_position_tablet=&#8221;inherit&#8221; row_position_phone=&#8221;inherit&#8221; overflow=&#8221;visible&#8221; pointer_events=&#8221;all&#8221; css=&#8221;.vc_custom_1650393956108{padding-bottom: 20px !important;}&#8221;][vc_column_inner column_padding=&#8221;no-extra-padding&#8221; column_padding_tablet=&#8221;inherit&#8221; column_padding_phone=&#8221;inherit&#8221; column_padding_position=&#8221;all&#8221; flex_gap_desktop=&#8221;10px&#8221; column_element_direction_desktop=&#8221;default&#8221; column_element_spacing=&#8221;default&#8221; desktop_text_alignment=&#8221;default&#8221; tablet_text_alignment=&#8221;default&#8221; phone_text_alignment=&#8221;default&#8221; background_color_opacity=&#8221;1&#8243; background_hover_color_opacity=&#8221;1&#8243; column_backdrop_filter=&#8221;none&#8221; column_shadow=&#8221;none&#8221; column_border_radius=&#8221;none&#8221; column_link_target=&#8221;_self&#8221; overflow=&#8221;visible&#8221; gradient_direction=&#8221;left_to_right&#8221; overlay_strength=&#8221;0.3&#8243; width=&#8221;1\/3&#8243; tablet_width_inherit=&#8221;default&#8221; animation_type=&#8221;default&#8221; bg_image_animation=&#8221;none&#8221; border_type=&#8221;simple&#8221; column_border_width=&#8221;none&#8221; column_border_style=&#8221;solid&#8221;]<div class=\"iwithtext\"><div class=\"iwt-icon\"> <i class=\"icon-default-style fa fa-calendar accent-color\"><\/i> <\/div><div class=\"iwt-text\"> Full-time <\/div><div class=\"clear\"><\/div><\/div>[\/vc_column_inner][vc_column_inner column_padding=&#8221;no-extra-padding&#8221; column_padding_tablet=&#8221;inherit&#8221; column_padding_phone=&#8221;inherit&#8221; column_padding_position=&#8221;all&#8221; flex_gap_desktop=&#8221;10px&#8221; column_element_direction_desktop=&#8221;default&#8221; column_element_spacing=&#8221;default&#8221; desktop_text_alignment=&#8221;default&#8221; tablet_text_alignment=&#8221;default&#8221; phone_text_alignment=&#8221;default&#8221; background_color_opacity=&#8221;1&#8243; background_hover_color_opacity=&#8221;1&#8243; column_backdrop_filter=&#8221;none&#8221; column_shadow=&#8221;none&#8221; column_border_radius=&#8221;none&#8221; column_link_target=&#8221;_self&#8221; overflow=&#8221;visible&#8221; gradient_direction=&#8221;left_to_right&#8221; overlay_strength=&#8221;0.3&#8243; width=&#8221;1\/3&#8243; tablet_width_inherit=&#8221;default&#8221; animation_type=&#8221;default&#8221; bg_image_animation=&#8221;none&#8221; border_type=&#8221;simple&#8221; column_border_width=&#8221;none&#8221; column_border_style=&#8221;solid&#8221;]<div class=\"iwithtext\"><div class=\"iwt-icon\"> <i class=\"icon-default-style fa fa-location-arrow accent-color\"><\/i> <\/div><div class=\"iwt-text\"> Canada <\/div><div class=\"clear\"><\/div><\/div>[\/vc_column_inner][vc_column_inner column_padding=&#8221;no-extra-padding&#8221; column_padding_tablet=&#8221;inherit&#8221; column_padding_phone=&#8221;inherit&#8221; column_padding_position=&#8221;all&#8221; flex_gap_desktop=&#8221;10px&#8221; column_element_direction_desktop=&#8221;default&#8221; column_element_spacing=&#8221;default&#8221; desktop_text_alignment=&#8221;default&#8221; tablet_text_alignment=&#8221;default&#8221; phone_text_alignment=&#8221;default&#8221; background_color_opacity=&#8221;1&#8243; background_hover_color_opacity=&#8221;1&#8243; column_backdrop_filter=&#8221;none&#8221; column_shadow=&#8221;none&#8221; column_border_radius=&#8221;none&#8221; column_link_target=&#8221;_self&#8221; overflow=&#8221;visible&#8221; gradient_direction=&#8221;left_to_right&#8221; overlay_strength=&#8221;0.3&#8243; width=&#8221;1\/3&#8243; tablet_width_inherit=&#8221;default&#8221; animation_type=&#8221;default&#8221; bg_image_animation=&#8221;none&#8221; border_type=&#8221;simple&#8221; column_border_width=&#8221;none&#8221; column_border_style=&#8221;solid&#8221;][nectar_btn size=&#8221;large&#8221; button_style=&#8221;see-through&#8221; button_color_2=&#8221;extra-color-gradient-1&#8243; icon_family=&#8221;fontawesome&#8221; text=&#8221;Apply&#8221; url=&#8221;#postuler&#8221; icon_fontawesome=&#8221;fa fa-long-arrow-down&#8221;][\/vc_column_inner][\/vc_row_inner][divider line_type=&#8221;Full Width Line&#8221; line_thickness=&#8221;1&#8243; divider_color=&#8221;extra-color-gradient-1&#8243; animate=&#8221;yes&#8221;][vc_column_text css=&#8221;.vc_custom_1765463129794{padding-top: 20px !important;}&#8221; text_direction=&#8221;default&#8221;]\n<h3 class=\"p1\">The senior advisor carries out strategic and analytical assignments in the agri-food sector, aiming to give our clients a better understanding of their economic and political business environment through analyses, strategies, and tools developed by Groupe AG\u00c9CO.<\/h3>\n[\/vc_column_text][vc_column_text css=&#8221;.vc_custom_1765463179007{padding-top: 20px !important;}&#8221; text_direction=&#8221;default&#8221;]\n<h3 class=\"p1\">Do you recognize yourself?<\/h3>\n<p><\/p>\n<ul>\n<li class=\"p2\">University degree in economics, ideally agroeconomics, or equivalent;<\/li>\n<li class=\"p2\">Significant experience in economic and policy analysis, ideally in the agri-food sector, with strong economic intuition;<\/li>\n<li class=\"p2\">In-depth knowledge of agricultural and public policies, agri-food value chains, and\/or sectoral issues;<\/li>\n<li class=\"p2\">Ability to translate analysis results into concrete recommendations and actions;<\/li>\n<li class=\"p2\">Project management skills, problem-solving abilities, analytical skills, and information research skills;<\/li>\n<li class=\"p2\">Autonomy, rigor, critical thinking, initiative, and excellent customer relations skills;<\/li>\n<li class=\"p2\">Ability to work with a variety of clients: provincial\/federal government, producers, associations, and agri-food manufacturers;<\/li>\n<li class=\"p3\">Excellent command of French and English (spoken and written).<\/li>\n<\/ul>\n[\/vc_column_text][\/vc_column][\/vc_row][vc_row type=&#8221;full_width_background&#8221; full_screen_row_position=&#8221;middle&#8221; column_margin=&#8221;default&#8221; column_direction=&#8221;default&#8221; column_direction_tablet=&#8221;default&#8221; column_direction_phone=&#8221;default&#8221; scene_position=&#8221;center&#8221; top_padding=&#8221;2%&#8221; constrain_group_1=&#8221;yes&#8221; bottom_padding=&#8221;2%&#8221; text_color=&#8221;dark&#8221; text_align=&#8221;left&#8221; row_border_radius=&#8221;none&#8221; row_border_radius_applies=&#8221;bg&#8221; row_position_desktop=&#8221;default&#8221; row_position_tablet=&#8221;inherit&#8221; row_position_phone=&#8221;inherit&#8221; overflow=&#8221;visible&#8221; overlay_strength=&#8221;0.3&#8243; gradient_direction=&#8221;left_to_right&#8221; enable_shape_divider=&#8221;true&#8221; shape_divider_color=&#8221;#f4f4f4&#8243; shape_divider_position=&#8221;bottom&#8221; shape_divider_height=&#8221;50%&#8221; bg_image_animation=&#8221;none&#8221; shape_type=&#8221;straight_section&#8221;][vc_column column_padding=&#8221;padding-4-percent&#8221; column_padding_tablet=&#8221;inherit&#8221; column_padding_phone=&#8221;inherit&#8221; column_padding_position=&#8221;all&#8221; flex_gap_desktop=&#8221;10px&#8221; column_element_direction_desktop=&#8221;default&#8221; column_element_spacing=&#8221;default&#8221; desktop_text_alignment=&#8221;default&#8221; tablet_text_alignment=&#8221;default&#8221; phone_text_alignment=&#8221;default&#8221; background_color=&#8221;#8ebc3f&#8221; background_color_opacity=&#8221;1&#8243; background_hover_color_opacity=&#8221;1&#8243; column_backdrop_filter=&#8221;none&#8221; column_shadow=&#8221;none&#8221; column_border_radius=&#8221;none&#8221; column_link_target=&#8221;_self&#8221; column_position=&#8221;default&#8221; gradient_direction=&#8221;left_to_right&#8221; overlay_strength=&#8221;0.3&#8243; width=&#8221;1\/1&#8243; tablet_width_inherit=&#8221;default&#8221; animation_type=&#8221;default&#8221; bg_image_animation=&#8221;none&#8221; border_type=&#8221;simple&#8221; column_border_width=&#8221;none&#8221; column_border_style=&#8221;solid&#8221;][vc_column_text]\n<h4><span style=\"color: #ffffff;\">Group AG\u00c9CO is made up of multidisciplinary professionals who put their minds together to meet the corporate responsibility needs of organizations. To achieve this, we rely on collaboration, rigor, creativity and innovation.<\/span><\/h4>\n[\/vc_column_text][\/vc_column][\/vc_row][vc_row type=&#8221;full_width_background&#8221; full_screen_row_position=&#8221;middle&#8221; column_margin=&#8221;default&#8221; equal_height=&#8221;yes&#8221; content_placement=&#8221;top&#8221; column_direction=&#8221;default&#8221; column_direction_tablet=&#8221;default&#8221; column_direction_phone=&#8221;default&#8221; bg_color=&#8221;#f4f4f4&#8243; scene_position=&#8221;center&#8221; top_padding=&#8221;2%&#8221; bottom_padding=&#8221;2%&#8221; text_color=&#8221;dark&#8221; text_align=&#8221;left&#8221; row_border_radius=&#8221;none&#8221; row_border_radius_applies=&#8221;bg&#8221; row_position_desktop=&#8221;default&#8221; row_position_tablet=&#8221;inherit&#8221; row_position_phone=&#8221;inherit&#8221; overflow=&#8221;visible&#8221; overlay_strength=&#8221;0.3&#8243; gradient_direction=&#8221;left_to_right&#8221; shape_divider_position=&#8221;bottom&#8221; bg_image_animation=&#8221;none&#8221; shape_type=&#8221;&#8221;][vc_column column_padding=&#8221;no-extra-padding&#8221; column_padding_tablet=&#8221;inherit&#8221; column_padding_phone=&#8221;inherit&#8221; column_padding_position=&#8221;all&#8221; flex_gap_desktop=&#8221;10px&#8221; column_element_direction_desktop=&#8221;default&#8221; column_element_spacing=&#8221;default&#8221; desktop_text_alignment=&#8221;default&#8221; tablet_text_alignment=&#8221;default&#8221; phone_text_alignment=&#8221;default&#8221; background_color_opacity=&#8221;1&#8243; background_hover_color_opacity=&#8221;1&#8243; column_backdrop_filter=&#8221;none&#8221; column_shadow=&#8221;none&#8221; column_border_radius=&#8221;none&#8221; column_link_target=&#8221;_self&#8221; column_position=&#8221;default&#8221; gradient_direction=&#8221;left_to_right&#8221; overlay_strength=&#8221;0.3&#8243; width=&#8221;1\/2&#8243; tablet_width_inherit=&#8221;default&#8221; animation_type=&#8221;default&#8221; bg_image_animation=&#8221;none&#8221; border_type=&#8221;simple&#8221; column_border_width=&#8221;none&#8221; column_border_style=&#8221;solid&#8221;][vc_column_text css=&#8221;&#8221; text_direction=&#8221;default&#8221;]\n<h3>Reporting to the Economic Studies department, the incumbent will act as a consultant and project manager. He or she will actively participate in the implementation and management of various projects aimed at helping our clients develop pragmatic solutions for the agri-food sector across Canada.<\/h3>\n[\/vc_column_text][\/vc_column][vc_column column_padding=&#8221;no-extra-padding&#8221; column_padding_tablet=&#8221;inherit&#8221; column_padding_phone=&#8221;inherit&#8221; column_padding_position=&#8221;all&#8221; flex_gap_desktop=&#8221;10px&#8221; column_element_direction_desktop=&#8221;default&#8221; column_element_spacing=&#8221;default&#8221; desktop_text_alignment=&#8221;default&#8221; tablet_text_alignment=&#8221;default&#8221; phone_text_alignment=&#8221;default&#8221; background_color_opacity=&#8221;1&#8243; background_hover_color_opacity=&#8221;1&#8243; column_backdrop_filter=&#8221;none&#8221; column_shadow=&#8221;none&#8221; column_border_radius=&#8221;none&#8221; column_link_target=&#8221;_self&#8221; column_position=&#8221;default&#8221; gradient_direction=&#8221;left_to_right&#8221; overlay_strength=&#8221;0.3&#8243; width=&#8221;1\/2&#8243; tablet_width_inherit=&#8221;default&#8221; animation_type=&#8221;default&#8221; bg_image_animation=&#8221;none&#8221; border_type=&#8221;simple&#8221; column_border_width=&#8221;none&#8221; column_border_style=&#8221;solid&#8221;][vc_column_text css=&#8221;&#8221; text_direction=&#8221;default&#8221;]\n<h3>Reporting to our Economic Studies department, the successful candidate will be responsible for:<\/h3>\n<p><strong>Coordination and execution of mandates:<\/strong><\/p>\n<ul>\n<li>Plan, organize, and\/or supervise the execution of assigned mandates from planning to delivery;<\/li>\n<li>Synthesize and present analyses in the form of reports or presentations, simplifying complex information for internal and external audiences;<\/li>\n<li>Produce strategic recommendations to guide decision-making, tailored to client needs and sectoral issues;<\/li>\n<li>Coordinate internal teams and clients, ensuring that deadlines are met and deliverables are of high quality;<\/li>\n<li>Support clients in analyzing and interpreting data and advise them on economic and political issues;<\/li>\n<\/ul>\n<p><strong>Business development:<\/strong><\/p>\n<ul>\n<li>Develop and maintain customer relationships, ensure satisfaction, and anticipate new needs;<\/li>\n<li>Contribute to economic and political monitoring in the agri-food sector, with a focus on public frameworks and programs, track developments, and identify opportunities or risks for current mandates;<\/li>\n<li class=\"p2\">Contribute to Groupe AG\u00c9CO&#8217;s overall service offering and support the management team in actively soliciting business and preparing service proposals.<\/li>\n<\/ul>\n[\/vc_column_text][\/vc_column][\/vc_row][vc_row type=&#8221;in_container&#8221; full_screen_row_position=&#8221;middle&#8221; column_margin=&#8221;default&#8221; column_direction=&#8221;default&#8221; column_direction_tablet=&#8221;default&#8221; column_direction_phone=&#8221;default&#8221; scene_position=&#8221;center&#8221; text_color=&#8221;dark&#8221; text_align=&#8221;left&#8221; row_border_radius=&#8221;none&#8221; row_border_radius_applies=&#8221;bg&#8221; row_position_desktop=&#8221;default&#8221; row_position_tablet=&#8221;inherit&#8221; row_position_phone=&#8221;inherit&#8221; overflow=&#8221;visible&#8221; overlay_strength=&#8221;0.3&#8243; gradient_direction=&#8221;left_to_right&#8221; shape_divider_position=&#8221;bottom&#8221; bg_image_animation=&#8221;none&#8221;][vc_column column_padding=&#8221;no-extra-padding&#8221; column_padding_tablet=&#8221;inherit&#8221; column_padding_phone=&#8221;inherit&#8221; column_padding_position=&#8221;all&#8221; flex_gap_desktop=&#8221;10px&#8221; column_element_direction_desktop=&#8221;default&#8221; column_element_spacing=&#8221;default&#8221; desktop_text_alignment=&#8221;default&#8221; tablet_text_alignment=&#8221;default&#8221; phone_text_alignment=&#8221;default&#8221; background_color_opacity=&#8221;1&#8243; background_hover_color_opacity=&#8221;1&#8243; column_backdrop_filter=&#8221;none&#8221; column_shadow=&#8221;none&#8221; column_border_radius=&#8221;none&#8221; column_link_target=&#8221;_self&#8221; column_position=&#8221;default&#8221; gradient_direction=&#8221;left_to_right&#8221; overlay_strength=&#8221;0.3&#8243; width=&#8221;1\/1&#8243; tablet_width_inherit=&#8221;default&#8221; animation_type=&#8221;default&#8221; bg_image_animation=&#8221;none&#8221; border_type=&#8221;simple&#8221; column_border_width=&#8221;none&#8221; column_border_style=&#8221;solid&#8221;][nectar_global_section id=&#8221;2435&#8243;][\/vc_column][\/vc_row]\n","protected":false},"excerpt":{"rendered":"<p>[vc_row type=&#8221;full_width_background&#8221; full_screen_row_position=&#8221;middle&#8221; column_margin=&#8221;default&#8221; column_direction=&#8221;default&#8221; column_direction_tablet=&#8221;default&#8221; column_direction_phone=&#8221;default&#8221; scene_position=&#8221;center&#8221; top_padding=&#8221;5%&#8221; bottom_padding=&#8221;5%&#8221; text_color=&#8221;dark&#8221; text_align=&#8221;left&#8221; row_border_radius=&#8221;none&#8221; row_border_radius_applies=&#8221;bg&#8221; row_position_desktop=&#8221;default&#8221; row_position_tablet=&#8221;inherit&#8221; row_position_phone=&#8221;inherit&#8221; overflow=&#8221;visible&#8221; overlay_strength=&#8221;0.3&#8243; gradient_direction=&#8221;left_to_right&#8221; shape_divider_position=&#8221;bottom&#8221; bg_image_animation=&#8221;none&#8221; shape_type=&#8221;&#8221;][vc_column column_padding=&#8221;no-extra-padding&#8221; column_padding_tablet=&#8221;inherit&#8221; column_padding_phone=&#8221;inherit&#8221; column_padding_position=&#8221;all&#8221; flex_gap_desktop=&#8221;10px&#8221; column_element_direction_desktop=&#8221;default&#8221; column_element_spacing=&#8221;default&#8221;&#8230;<\/p>\n","protected":false},"author":1,"featured_media":651,"comment_status":"closed","ping_status":"closed","sticky":false,"template":"","format":"standard","meta":{"footnotes":""},"categories":[41],"tags":[],"class_list":{"0":"post-2896","1":"post","2":"type-post","3":"status-publish","4":"format-standard","5":"has-post-thumbnail","7":"category-careers"},"yoast_head":"<!-- This site is optimized with the Yoast SEO plugin v27.1.1 - https:\/\/yoast.com\/product\/yoast-seo-wordpress\/ -->\n<title>Senior Advisor - Agroeconomics<\/title>\n<meta name=\"description\" content=\"Curieux(se) et motiv\u00e9(e) \u00e0 accompagner notre client\u00e8le dans leur d\u00e9marche de responsabilit\u00e9 d&#039;entreprise et dans l&#039;am\u00e9lioration de leur performance sur les th\u00e9matiques ESG?\" \/>\n<meta name=\"robots\" content=\"index, follow, max-snippet:-1, max-image-preview:large, max-video-preview:-1\" \/>\n<link rel=\"canonical\" href=\"https:\/\/groupeageco.ca\/en\/senior-advisor-agroeconomics\/\" \/>\n<meta property=\"og:locale\" content=\"en_US\" \/>\n<meta property=\"og:type\" content=\"article\" \/>\n<meta property=\"og:title\" content=\"Senior Advisor - Agroeconomics\" \/>\n<meta property=\"og:description\" content=\"Curieux(se) et motiv\u00e9(e) \u00e0 accompagner notre client\u00e8le dans leur d\u00e9marche de responsabilit\u00e9 d&#039;entreprise et dans l&#039;am\u00e9lioration de leur performance sur les th\u00e9matiques ESG?\" \/>\n<meta property=\"og:url\" content=\"https:\/\/groupeageco.ca\/en\/senior-advisor-agroeconomics\/\" \/>\n<meta property=\"og:site_name\" content=\"Groupe AG\u00c9CO\" \/>\n<meta property=\"article:published_time\" content=\"2025-12-11T14:34:11+00:00\" \/>\n<meta property=\"og:image\" content=\"https:\/\/groupeageco.ca\/wp-content\/uploads\/Groupe-Ageco-Carriere.jpg\" \/>\n\t<meta property=\"og:image:width\" content=\"1000\" \/>\n\t<meta property=\"og:image:height\" content=\"666\" \/>\n\t<meta property=\"og:image:type\" content=\"image\/jpeg\" \/>\n<meta name=\"author\" content=\"adminAgeco\" \/>\n<meta name=\"twitter:card\" content=\"summary_large_image\" \/>\n<meta name=\"twitter:label1\" content=\"Written by\" \/>\n\t<meta name=\"twitter:data1\" content=\"adminAgeco\" \/>\n\t<meta name=\"twitter:label2\" content=\"Est. reading time\" \/>\n\t<meta name=\"twitter:data2\" content=\"8 minutes\" \/>\n<script type=\"application\/ld+json\" class=\"yoast-schema-graph\">{\"@context\":\"https:\/\/schema.org\",\"@graph\":[{\"@type\":\"Article\",\"@id\":\"https:\/\/groupeageco.ca\/en\/senior-advisor-agroeconomics\/#article\",\"isPartOf\":{\"@id\":\"https:\/\/groupeageco.ca\/en\/senior-advisor-agroeconomics\/\"},\"author\":{\"name\":\"adminAgeco\",\"@id\":\"https:\/\/groupeageco.ca\/en\/#\/schema\/person\/0196f9128b9943aeec1b177fa5fd8782\"},\"headline\":\"Senior Advisor &#8211; Agroeconomics\",\"datePublished\":\"2025-12-11T14:34:11+00:00\",\"mainEntityOfPage\":{\"@id\":\"https:\/\/groupeageco.ca\/en\/senior-advisor-agroeconomics\/\"},\"wordCount\":1687,\"publisher\":{\"@id\":\"https:\/\/groupeageco.ca\/en\/#organization\"},\"image\":{\"@id\":\"https:\/\/groupeageco.ca\/en\/senior-advisor-agroeconomics\/#primaryimage\"},\"thumbnailUrl\":\"https:\/\/groupeageco.ca\/wp-content\/uploads\/Groupe-Ageco-Carriere.jpg\",\"articleSection\":[\"Careers\"],\"inLanguage\":\"en-US\"},{\"@type\":\"WebPage\",\"@id\":\"https:\/\/groupeageco.ca\/en\/senior-advisor-agroeconomics\/\",\"url\":\"https:\/\/groupeageco.ca\/en\/senior-advisor-agroeconomics\/\",\"name\":\"Senior Advisor - Agroeconomics\",\"isPartOf\":{\"@id\":\"https:\/\/groupeageco.ca\/en\/#website\"},\"primaryImageOfPage\":{\"@id\":\"https:\/\/groupeageco.ca\/en\/senior-advisor-agroeconomics\/#primaryimage\"},\"image\":{\"@id\":\"https:\/\/groupeageco.ca\/en\/senior-advisor-agroeconomics\/#primaryimage\"},\"thumbnailUrl\":\"https:\/\/groupeageco.ca\/wp-content\/uploads\/Groupe-Ageco-Carriere.jpg\",\"datePublished\":\"2025-12-11T14:34:11+00:00\",\"description\":\"Curieux(se) et motiv\u00e9(e) \u00e0 accompagner notre client\u00e8le dans leur d\u00e9marche de responsabilit\u00e9 d'entreprise et dans l'am\u00e9lioration de leur performance sur les th\u00e9matiques ESG?\",\"inLanguage\":\"en-US\",\"potentialAction\":[{\"@type\":\"ReadAction\",\"target\":[\"https:\/\/groupeageco.ca\/en\/senior-advisor-agroeconomics\/\"]}]},{\"@type\":\"ImageObject\",\"inLanguage\":\"en-US\",\"@id\":\"https:\/\/groupeageco.ca\/en\/senior-advisor-agroeconomics\/#primaryimage\",\"url\":\"https:\/\/groupeageco.ca\/wp-content\/uploads\/Groupe-Ageco-Carriere.jpg\",\"contentUrl\":\"https:\/\/groupeageco.ca\/wp-content\/uploads\/Groupe-Ageco-Carriere.jpg\",\"width\":1000,\"height\":666},{\"@type\":\"WebSite\",\"@id\":\"https:\/\/groupeageco.ca\/en\/#website\",\"url\":\"https:\/\/groupeageco.ca\/en\/\",\"name\":\"Groupe Ag\u00e9co\",\"description\":\"Groupe AG\u00c9CO\",\"publisher\":{\"@id\":\"https:\/\/groupeageco.ca\/en\/#organization\"},\"potentialAction\":[{\"@type\":\"SearchAction\",\"target\":{\"@type\":\"EntryPoint\",\"urlTemplate\":\"https:\/\/groupeageco.ca\/en\/?s={search_term_string}\"},\"query-input\":{\"@type\":\"PropertyValueSpecification\",\"valueRequired\":true,\"valueName\":\"search_term_string\"}}],\"inLanguage\":\"en-US\"},{\"@type\":\"Organization\",\"@id\":\"https:\/\/groupeageco.ca\/en\/#organization\",\"name\":\"Groupe Ag\u00e9co\",\"url\":\"https:\/\/groupeageco.ca\/en\/\",\"logo\":{\"@type\":\"ImageObject\",\"inLanguage\":\"en-US\",\"@id\":\"https:\/\/groupeageco.ca\/en\/#\/schema\/logo\/image\/\",\"url\":\"https:\/\/groupeageco.ca\/wp-content\/uploads\/Groupe-Ageco-Logo-retina.png\",\"contentUrl\":\"https:\/\/groupeageco.ca\/wp-content\/uploads\/Groupe-Ageco-Logo-retina.png\",\"width\":423,\"height\":170,\"caption\":\"Groupe Ag\u00e9co\"},\"image\":{\"@id\":\"https:\/\/groupeageco.ca\/en\/#\/schema\/logo\/image\/\"},\"sameAs\":[\"https:\/\/www.linkedin.com\/company\/groupe-ageco\/\"]},{\"@type\":\"Person\",\"@id\":\"https:\/\/groupeageco.ca\/en\/#\/schema\/person\/0196f9128b9943aeec1b177fa5fd8782\",\"name\":\"adminAgeco\",\"image\":{\"@type\":\"ImageObject\",\"inLanguage\":\"en-US\",\"@id\":\"https:\/\/groupeageco.ca\/en\/#\/schema\/person\/image\/\",\"url\":\"https:\/\/secure.gravatar.com\/avatar\/4f94154eaccc7f80e1d00db6033c5ea1c6dcfa134488d77aec799129a6e541b9?s=96&d=mm&r=g\",\"contentUrl\":\"https:\/\/secure.gravatar.com\/avatar\/4f94154eaccc7f80e1d00db6033c5ea1c6dcfa134488d77aec799129a6e541b9?s=96&d=mm&r=g\",\"caption\":\"adminAgeco\"},\"sameAs\":[\"https:\/\/groupeageco.ca\"]}]}<\/script>\n<!-- \/ Yoast SEO plugin. -->","yoast_head_json":{"title":"Senior Advisor - Agroeconomics","description":"Curieux(se) et motiv\u00e9(e) \u00e0 accompagner notre client\u00e8le dans leur d\u00e9marche de responsabilit\u00e9 d'entreprise et dans l'am\u00e9lioration de leur performance sur les th\u00e9matiques ESG?","robots":{"index":"index","follow":"follow","max-snippet":"max-snippet:-1","max-image-preview":"max-image-preview:large","max-video-preview":"max-video-preview:-1"},"canonical":"https:\/\/groupeageco.ca\/en\/senior-advisor-agroeconomics\/","og_locale":"en_US","og_type":"article","og_title":"Senior Advisor - Agroeconomics","og_description":"Curieux(se) et motiv\u00e9(e) \u00e0 accompagner notre client\u00e8le dans leur d\u00e9marche de responsabilit\u00e9 d'entreprise et dans l'am\u00e9lioration de leur performance sur les th\u00e9matiques ESG?","og_url":"https:\/\/groupeageco.ca\/en\/senior-advisor-agroeconomics\/","og_site_name":"Groupe AG\u00c9CO","article_published_time":"2025-12-11T14:34:11+00:00","og_image":[{"width":1000,"height":666,"url":"https:\/\/groupeageco.ca\/wp-content\/uploads\/Groupe-Ageco-Carriere.jpg","type":"image\/jpeg"}],"author":"adminAgeco","twitter_card":"summary_large_image","twitter_misc":{"Written by":"adminAgeco","Est. reading time":"8 minutes"},"schema":{"@context":"https:\/\/schema.org","@graph":[{"@type":"Article","@id":"https:\/\/groupeageco.ca\/en\/senior-advisor-agroeconomics\/#article","isPartOf":{"@id":"https:\/\/groupeageco.ca\/en\/senior-advisor-agroeconomics\/"},"author":{"name":"adminAgeco","@id":"https:\/\/groupeageco.ca\/en\/#\/schema\/person\/0196f9128b9943aeec1b177fa5fd8782"},"headline":"Senior Advisor &#8211; Agroeconomics","datePublished":"2025-12-11T14:34:11+00:00","mainEntityOfPage":{"@id":"https:\/\/groupeageco.ca\/en\/senior-advisor-agroeconomics\/"},"wordCount":1687,"publisher":{"@id":"https:\/\/groupeageco.ca\/en\/#organization"},"image":{"@id":"https:\/\/groupeageco.ca\/en\/senior-advisor-agroeconomics\/#primaryimage"},"thumbnailUrl":"https:\/\/groupeageco.ca\/wp-content\/uploads\/Groupe-Ageco-Carriere.jpg","articleSection":["Careers"],"inLanguage":"en-US"},{"@type":"WebPage","@id":"https:\/\/groupeageco.ca\/en\/senior-advisor-agroeconomics\/","url":"https:\/\/groupeageco.ca\/en\/senior-advisor-agroeconomics\/","name":"Senior Advisor - Agroeconomics","isPartOf":{"@id":"https:\/\/groupeageco.ca\/en\/#website"},"primaryImageOfPage":{"@id":"https:\/\/groupeageco.ca\/en\/senior-advisor-agroeconomics\/#primaryimage"},"image":{"@id":"https:\/\/groupeageco.ca\/en\/senior-advisor-agroeconomics\/#primaryimage"},"thumbnailUrl":"https:\/\/groupeageco.ca\/wp-content\/uploads\/Groupe-Ageco-Carriere.jpg","datePublished":"2025-12-11T14:34:11+00:00","description":"Curieux(se) et motiv\u00e9(e) \u00e0 accompagner notre client\u00e8le dans leur d\u00e9marche de responsabilit\u00e9 d'entreprise et dans l'am\u00e9lioration de leur performance sur les th\u00e9matiques ESG?","inLanguage":"en-US","potentialAction":[{"@type":"ReadAction","target":["https:\/\/groupeageco.ca\/en\/senior-advisor-agroeconomics\/"]}]},{"@type":"ImageObject","inLanguage":"en-US","@id":"https:\/\/groupeageco.ca\/en\/senior-advisor-agroeconomics\/#primaryimage","url":"https:\/\/groupeageco.ca\/wp-content\/uploads\/Groupe-Ageco-Carriere.jpg","contentUrl":"https:\/\/groupeageco.ca\/wp-content\/uploads\/Groupe-Ageco-Carriere.jpg","width":1000,"height":666},{"@type":"WebSite","@id":"https:\/\/groupeageco.ca\/en\/#website","url":"https:\/\/groupeageco.ca\/en\/","name":"Groupe Ag\u00e9co","description":"Groupe AG\u00c9CO","publisher":{"@id":"https:\/\/groupeageco.ca\/en\/#organization"},"potentialAction":[{"@type":"SearchAction","target":{"@type":"EntryPoint","urlTemplate":"https:\/\/groupeageco.ca\/en\/?s={search_term_string}"},"query-input":{"@type":"PropertyValueSpecification","valueRequired":true,"valueName":"search_term_string"}}],"inLanguage":"en-US"},{"@type":"Organization","@id":"https:\/\/groupeageco.ca\/en\/#organization","name":"Groupe Ag\u00e9co","url":"https:\/\/groupeageco.ca\/en\/","logo":{"@type":"ImageObject","inLanguage":"en-US","@id":"https:\/\/groupeageco.ca\/en\/#\/schema\/logo\/image\/","url":"https:\/\/groupeageco.ca\/wp-content\/uploads\/Groupe-Ageco-Logo-retina.png","contentUrl":"https:\/\/groupeageco.ca\/wp-content\/uploads\/Groupe-Ageco-Logo-retina.png","width":423,"height":170,"caption":"Groupe Ag\u00e9co"},"image":{"@id":"https:\/\/groupeageco.ca\/en\/#\/schema\/logo\/image\/"},"sameAs":["https:\/\/www.linkedin.com\/company\/groupe-ageco\/"]},{"@type":"Person","@id":"https:\/\/groupeageco.ca\/en\/#\/schema\/person\/0196f9128b9943aeec1b177fa5fd8782","name":"adminAgeco","image":{"@type":"ImageObject","inLanguage":"en-US","@id":"https:\/\/groupeageco.ca\/en\/#\/schema\/person\/image\/","url":"https:\/\/secure.gravatar.com\/avatar\/4f94154eaccc7f80e1d00db6033c5ea1c6dcfa134488d77aec799129a6e541b9?s=96&d=mm&r=g","contentUrl":"https:\/\/secure.gravatar.com\/avatar\/4f94154eaccc7f80e1d00db6033c5ea1c6dcfa134488d77aec799129a6e541b9?s=96&d=mm&r=g","caption":"adminAgeco"},"sameAs":["https:\/\/groupeageco.ca"]}]}},"_links":{"self":[{"href":"https:\/\/groupeageco.ca\/en\/wp-json\/wp\/v2\/posts\/2896","targetHints":{"allow":["GET"]}}],"collection":[{"href":"https:\/\/groupeageco.ca\/en\/wp-json\/wp\/v2\/posts"}],"about":[{"href":"https:\/\/groupeageco.ca\/en\/wp-json\/wp\/v2\/types\/post"}],"author":[{"embeddable":true,"href":"https:\/\/groupeageco.ca\/en\/wp-json\/wp\/v2\/users\/1"}],"replies":[{"embeddable":true,"href":"https:\/\/groupeageco.ca\/en\/wp-json\/wp\/v2\/comments?post=2896"}],"version-history":[{"count":4,"href":"https:\/\/groupeageco.ca\/en\/wp-json\/wp\/v2\/posts\/2896\/revisions"}],"predecessor-version":[{"id":2900,"href":"https:\/\/groupeageco.ca\/en\/wp-json\/wp\/v2\/posts\/2896\/revisions\/2900"}],"wp:featuredmedia":[{"embeddable":true,"href":"https:\/\/groupeageco.ca\/en\/wp-json\/wp\/v2\/media\/651"}],"wp:attachment":[{"href":"https:\/\/groupeageco.ca\/en\/wp-json\/wp\/v2\/media?parent=2896"}],"wp:term":[{"taxonomy":"category","embeddable":true,"href":"https:\/\/groupeageco.ca\/en\/wp-json\/wp\/v2\/categories?post=2896"},{"taxonomy":"post_tag","embeddable":true,"href":"https:\/\/groupeageco.ca\/en\/wp-json\/wp\/v2\/tags?post=2896"}],"curies":[{"name":"wp","href":"https:\/\/api.w.org\/{rel}","templated":true}]}}